{"id":190,"date":"2019-05-08T17:04:31","date_gmt":"2019-05-08T17:04:31","guid":{"rendered":"http:\/\/florenciaramondetta.com.ar\/?page_id=190"},"modified":"2020-01-23T21:56:06","modified_gmt":"2020-01-23T21:56:06","slug":"proyectos-2","status":"publish","type":"post","link":"https:\/\/florenciaramondetta.com.ar\/wp2\/index.php\/2019\/05\/08\/proyectos-2\/","title":{"rendered":"Proyectos art\u00edsticos"},"content":{"rendered":"\n<p><strong>Proyecto &#8220;\u00c1rboles<\/strong>&#8220;<\/p>\n\n\n\n<div class=\"wp-block-image\"><figure class=\"aligncenter\"><img fetchpriority=\"high\" decoding=\"async\" width=\"960\" height=\"720\" src=\"https:\/\/florenciaramondetta.com.ar\/wp2\/wp-content\/uploads\/2019\/05\/ECUNHI_007.jpg\" alt=\"\" class=\"wp-image-715\" srcset=\"https:\/\/florenciaramondetta.com.ar\/wp2\/wp-content\/uploads\/2019\/05\/ECUNHI_007.jpg 960w, https:\/\/florenciaramondetta.com.ar\/wp2\/wp-content\/uploads\/2019\/05\/ECUNHI_007-300x225.jpg 300w, https:\/\/florenciaramondetta.com.ar\/wp2\/wp-content\/uploads\/2019\/05\/ECUNHI_007-768x576.jpg 768w, https:\/\/florenciaramondetta.com.ar\/wp2\/wp-content\/uploads\/2019\/05\/ECUNHI_007-850x638.jpg 850w\" sizes=\"(max-width: 960px) 100vw, 960px\" \/><\/figure><\/div>\n\n\n\n<table class=\"wp-block-table\"><tbody><tr><td>\u00c1RBOLES es un instalaci\u00f3n textil, que fusiona la escultura y los murales textiles colectivos. El proyecto se origina a partir de una experiencia pl\u00e1stica- pedag\u00f3gica en el contexto de las escuelas primarias, traslad\u00e1ndose luego a otros espacios. El eje es la reflexi\u00f3n sobre la diversidad cultural como sin\u00f3nimo de biodiversidad y la participaci\u00f3n colectiva como medio de interacci\u00f3n.&nbsp;\u00bfQu\u00e9 representa hoy el \u00e1rbol en la sociedad posmoderna? A modo de respuesta la instalaci\u00f3n evoca a los \u00e1rboles m\u00edticos y apela a la relaci\u00f3n de las personsa con ellos en el instante mismo en que el \u00e1rbol se vuelve sagrado.Se sostiene a partir de la idea de que cada ser humano tiene un imaginario del \u00e1rbol, de su propio \u00e1rbol m\u00edtico, el cual se forma desde la experiencia en la infancia y a lo largo de la vida. Este ejercicio de reflexi\u00f3n propone ver al \u00e1rbol no solo como objeto de la naturaleza sino como un mundo en s\u00ed mismo, con historia, con ra\u00edces que lo anclan a su territorio.<br> <br>En numerosas culturas antiguas el \u00e1rbol es considerado sagrado. En la mitolog\u00eda mesoam\u00e9ricana constituy\u00f3 el s\u00edmbolo generador de la vida, al ser considerado el eje c\u00f3smico que establece el nexo entre el inframundo, la Tierra y el Cielo.<br>&nbsp;<br>Los tres planos de la realidad que integran la cosmovisi\u00f3n del mundo de manera integrada, lo subterr\u00e1neo como regi\u00f3n de la muerte y al mismo tiempo de la germinaci\u00f3n vital, en otras palabras que la muerte origina la vida, en un eterno retorno de dualidad. El plano terrestre: en \u00e9ste se desarrolla la vida entre los puntos cardinales, el Este es el nacimiento y el Oeste la muerte; la c\u00faspide: simboliza el plano celestial y es el h\u00e1bitat de las deidades dadoras de mantenimiento.<br>&nbsp;<br>Para las culturas mesoamericanas los tres planos se unen por el eje central a trav\u00e9s del tronco o tallo del \u00e1rbol. Para los mayas fue la ceiba de influencia m\u00edtica olmeca y tambi\u00e9n estaba representado por la planta de ma\u00edz. &#8220;En el \u00e1rbol pod\u00edan unirse los poderes celestiales con los terrestres formando un cord\u00f3n retorcido llamado &#8220;malinalli&#8221;, fuente de toda la vida&#8221; (C\u00e9sar Sorendenguer) <\/td><\/tr><\/tbody><\/table>\n\n\n\n<figure class=\"wp-block-image\"><img decoding=\"async\" width=\"1024\" height=\"768\" src=\"https:\/\/florenciaramondetta.com.ar\/wp2\/wp-content\/uploads\/2019\/05\/IMG_4979-1024x768.jpg\" alt=\"\" class=\"wp-image-549\" srcset=\"https:\/\/florenciaramondetta.com.ar\/wp2\/wp-content\/uploads\/2019\/05\/IMG_4979-1024x768.jpg 1024w, https:\/\/florenciaramondetta.com.ar\/wp2\/wp-content\/uploads\/2019\/05\/IMG_4979-300x225.jpg 300w, https:\/\/florenciaramondetta.com.ar\/wp2\/wp-content\/uploads\/2019\/05\/IMG_4979-768x576.jpg 768w, https:\/\/florenciaramondetta.com.ar\/wp2\/wp-content\/uploads\/2019\/05\/IMG_4979-1568x1176.jpg 1568w, https:\/\/florenciaramondetta.com.ar\/wp2\/wp-content\/uploads\/2019\/05\/IMG_4979.jpg 2048w\" sizes=\"(max-width: 1024px) 100vw, 1024px\" \/><\/figure>\n\n\n\n<p>\n\nDesafiantes los \u00e1rboles tienen hoy otras connotaciones simb\u00f3licas y culturales, relacionadas con la resistencia ante los modelos dominantes de cultivo, la desforestaci\u00f3n y la p\u00e9rdida de la memoria ancestral.\n\n<\/p>\n\n\n\n<hr class=\"wp-block-separator\"\/>\n\n\n\n<p><strong>Taller del \u00c1rbol<\/strong><br><br>El mural textil colectivo es un espacio que se conforma con la participaci\u00f3n de los asistentes al Taller del \u00c1rbol y se plantea como una instancia de transformaci\u00f3n e intercambio en el marco de la instalaci\u00f3n. En el taller cada participante expresa pl\u00e1sticamente, con t\u00e9cnica mixta textil, &#8220;su&#8221; \u00e1rbol m\u00edtico sobre una tela de 30 x 30 cm, las telas peque\u00f1as se van colocando sobre las telas soportes que cubren las paredes conformando el mural colectivo. Los participantes pueden llevarse su tela o dejarla en la instalaci\u00f3n. \n\n<\/p>\n\n\n\n<div class=\"gdgallery-gallery-container\" id=\"gdgallery-container-35\" data-id=\"35\">\n    \n<div id=\"gdgallery_container_35\" style=\"display:none;\" data-view=\"justified\">\n            <a href=\"\" target=\"_blank\">\n            <img decoding=\"async\" alt=\"\"\n                 data-type=\"image\"\n                 src=\"https:\/\/florenciaramondetta.com.ar\/wp2\/wp-content\/uploads\/2019\/06\/Proyectos_012.jpg\"\n                 data-image=\"https:\/\/florenciaramondetta.com.ar\/wp2\/wp-content\/uploads\/2019\/06\/Proyectos_012.jpg\"\n                 data-description=\"\"\n                                 style=\"display:block\">\n        <\/a>\n            <a href=\"\" target=\"_blank\">\n            <img decoding=\"async\" alt=\"\"\n                 data-type=\"image\"\n                 src=\"https:\/\/florenciaramondetta.com.ar\/wp2\/wp-content\/uploads\/2019\/06\/Proyectos_014.jpg\"\n                 data-image=\"https:\/\/florenciaramondetta.com.ar\/wp2\/wp-content\/uploads\/2019\/06\/Proyectos_014.jpg\"\n                 data-description=\"\"\n                                 style=\"display:block\">\n        <\/a>\n            <a href=\"\" target=\"_blank\">\n            <img decoding=\"async\" alt=\"\"\n                 data-type=\"image\"\n                 src=\"https:\/\/florenciaramondetta.com.ar\/wp2\/wp-content\/uploads\/2019\/06\/Proyectos_015.jpg\"\n                 data-image=\"https:\/\/florenciaramondetta.com.ar\/wp2\/wp-content\/uploads\/2019\/06\/Proyectos_015.jpg\"\n                 data-description=\"\"\n                                 style=\"display:block\">\n        <\/a>\n            <a href=\"\" target=\"_blank\">\n            <img decoding=\"async\" alt=\"\"\n                 data-type=\"image\"\n                 src=\"https:\/\/florenciaramondetta.com.ar\/wp2\/wp-content\/uploads\/2019\/06\/Proyectos_016.jpg\"\n                 data-image=\"https:\/\/florenciaramondetta.com.ar\/wp2\/wp-content\/uploads\/2019\/06\/Proyectos_016.jpg\"\n                 data-description=\"\"\n                                 style=\"display:block\">\n        <\/a>\n            <a href=\"\" target=\"_blank\">\n            <img decoding=\"async\" alt=\"\"\n                 data-type=\"image\"\n                 src=\"https:\/\/florenciaramondetta.com.ar\/wp2\/wp-content\/uploads\/2019\/06\/Proyectos_005.jpg\"\n                 data-image=\"https:\/\/florenciaramondetta.com.ar\/wp2\/wp-content\/uploads\/2019\/06\/Proyectos_005.jpg\"\n                 data-description=\"\"\n                                 style=\"display:block\">\n        <\/a>\n            <a href=\"\" target=\"_blank\">\n            <img decoding=\"async\" alt=\"\"\n                 data-type=\"image\"\n                 src=\"https:\/\/florenciaramondetta.com.ar\/wp2\/wp-content\/uploads\/2019\/06\/Proyectos_006.jpg\"\n                 data-image=\"https:\/\/florenciaramondetta.com.ar\/wp2\/wp-content\/uploads\/2019\/06\/Proyectos_006.jpg\"\n                 data-description=\"\"\n                                 style=\"display:block\">\n        <\/a>\n            <a href=\"\" target=\"_blank\">\n            <img decoding=\"async\" alt=\"\"\n                 data-type=\"image\"\n                 src=\"https:\/\/florenciaramondetta.com.ar\/wp2\/wp-content\/uploads\/2019\/06\/Proyectos_007.jpg\"\n                 data-image=\"https:\/\/florenciaramondetta.com.ar\/wp2\/wp-content\/uploads\/2019\/06\/Proyectos_007.jpg\"\n                 data-description=\"\"\n                                 style=\"display:block\">\n        <\/a>\n            <a href=\"\" target=\"_blank\">\n            <img decoding=\"async\" alt=\"\"\n                 data-type=\"image\"\n                 src=\"https:\/\/florenciaramondetta.com.ar\/wp2\/wp-content\/uploads\/2019\/06\/Proyectos_008.jpg\"\n                 data-image=\"https:\/\/florenciaramondetta.com.ar\/wp2\/wp-content\/uploads\/2019\/06\/Proyectos_008.jpg\"\n                 data-description=\"\"\n                                 style=\"display:block\">\n        <\/a>\n            <a href=\"\" target=\"_blank\">\n            <img decoding=\"async\" alt=\"\"\n                 data-type=\"image\"\n                 src=\"https:\/\/florenciaramondetta.com.ar\/wp2\/wp-content\/uploads\/2019\/06\/Proyectos_009.jpg\"\n                 data-image=\"https:\/\/florenciaramondetta.com.ar\/wp2\/wp-content\/uploads\/2019\/06\/Proyectos_009.jpg\"\n                 data-description=\"\"\n                                 style=\"display:block\">\n        <\/a>\n            <a href=\"\" target=\"_blank\">\n            <img decoding=\"async\" alt=\"\"\n                 data-type=\"image\"\n                 src=\"https:\/\/florenciaramondetta.com.ar\/wp2\/wp-content\/uploads\/2019\/06\/Proyectos_010.jpg\"\n                 data-image=\"https:\/\/florenciaramondetta.com.ar\/wp2\/wp-content\/uploads\/2019\/06\/Proyectos_010.jpg\"\n                 data-description=\"\"\n                                 style=\"display:block\">\n        <\/a>\n            <a href=\"\" target=\"_blank\">\n            <img decoding=\"async\" alt=\"\"\n                 data-type=\"image\"\n                 src=\"https:\/\/florenciaramondetta.com.ar\/wp2\/wp-content\/uploads\/2019\/06\/Proyectos_011.jpg\"\n                 data-image=\"https:\/\/florenciaramondetta.com.ar\/wp2\/wp-content\/uploads\/2019\/06\/Proyectos_011.jpg\"\n                 data-description=\"\"\n                                 style=\"display:block\">\n        <\/a>\n    <\/div>\n\n\n\n<script type=\"text\/javascript\">\n\n\n    (function() {\n        var runMyCode = function() {\n            jQuery(document).ready(function () {\n                var container = jQuery(\"#gdgallery_container_35\");\n                container.unitegallery({\"gallery_theme\":\"justified\",\"tiles_type\":\"justified\",\"tiles_justified_space_between\":10,\"tile_enable_textpanel\":true,\"tile_textpanel_always_on\":true,\"tile_textpanel_title_text_align\":\"center\",\"tile_textpanel_title_font_size\":\"16\",\"tile_textpanel_title_color\":\"#FFFFFF\",\"tile_textpanel_bg_color\":\"#333333\",\"tile_textpanel_bg_opacity\":0.7,\"tile_enable_border\":true,\"tile_border_width\":\"0\",\"tile_border_color\":\"#333333\",\"tile_border_radius\":\"0\",\"tile_enable_overlay\":true,\"tile_enable_image_effect\":true,\"tile_image_effect_type\":\"blur\",\"tile_image_effect_reverse\":true,\"tile_enable_shadow\":false,\"tile_as_link\":false,\"tile_enable_icons\":true,\"tile_show_link_icon\":true,\"tile_textpanel_appear_type\":\"slide\",\"tile_textpanel_position\":\"inside_bottom\",\"tile_link_newpage\":true,\"lightbox_type\":\"wide\",\"lightbox_arrows_offset\":0,\"lightbox_overlay_color\":\"#000000\",\"lightbox_overlay_opacity\":1,\"lightbox_top_panel_opacity\":1,\"lightbox_show_numbers\":true,\"lightbox_numbers_size\":\"15\",\"lightbox_numbers_color\":\"#FFFFFF\",\"lightbox_slider_image_border_width\":\"0\",\"lightbox_slider_image_border_color\":\"#FFFFFF\",\"lightbox_slider_image_border_radius\":0,\"lightbox_slider_image_shadow\":true,\"lightbox_slider_control_swipe\":true,\"lightbox_slider_control_zoom\":true,\"lightbox_slider_image_border\":true,\"lightbox_show_textpanel\":true,\"lightbox_textpanel_enable_title\":true,\"lightbox_textpanel_enable_description\":false,\"lightbox_textpanel_padding_top\":5,\"lightbox_textpanel_padding_bottom\":5,\"lightbox_textpanel_padding_right\":5,\"lightbox_textpanel_padding_left\":5,\"lightbox_textpanel_title_color\":\"#FFFFFF\",\"lightbox_textpanel_title_text_align\":\"center\",\"lightbox_textpanel_title_font_size\":\"16\",\"lightbox_textpanel_desc_color\":\"#FFFFFF\",\"lightbox_textpanel_desc_text_align\":\"center\",\"lightbox_textpanel_desc_font_size\":\"14\"});\n            });\n        };\n        var timer = function() {\n            if (window.jQuery) {runMyCode(window.jQuery);}\n            else {window.setTimeout(timer, 100);}\n        };\n        timer();\n    })();\n<\/script><style>\n#gdgallery-container-35 {\n   text-align: center}\n\n.gdgallery-pagination-35{\ntext-align: center !important;\n}\n\n.gdgallery-pagination-35 a{\n    font-size: 15px !important;\n    padding: 8px 13px !important;\n    margin: 3px !important;\n    border: 1px solid #333333 !important;\n    border-radius: 0px !important;\n    color: #333333 !important;\n    background-color: #FFFFFF !important;\n    font-family: monospace !important;\n}\n\n.gdgallery-pagination-35 a:hover, .gdgallery-pagination-35 a.gdgallery-pagination-icon-active{\n    color: #FFFFFF !important;\n    background-color: #333333 !important;\n    border-color: #333333 !important;\n}\n\n#gdgallery-container-35 .gdgallery_load_more_space{\n    margin-top: 20px !important;\n    text-align: center !important;\n}\n\n#gdgallery-container-35 .gdgallery_load_more_space button{\n                      padding: 8px 13px !important;\n    font-size: 15px !important;\n    background-color: #333333 !important;\n    color: #FFFFFF !important;\n    border:1px solid #333333 !important;\n                      border-radius: 0px !important;\n                      font-family: monospace !important;\n                  }\n#gdgallery-container-35 .gdgallery_load_more_space button:hover{\n                      background-color: #FFFFFF !important;\n                      color: #333333 !important;\n                      border-color: #333333 !important;\n                  }\n\n#gdgallery-container-35 .gdgallery_load_more_space button,\n#gdgallery-container-35 .gdgallery_load_more_space button:hover,\n#gdgallery-container-35 .gdgallery_load_more_space button:active,\n#gdgallery-container-35 .gdgallery_load_more_space button:focus{\n    outline: none !important;\n}\n\n\n#gdgallery-container-35 .gdgallery_loading li{\n                      border: 3px solid #333333 !important;\n                  }\n\n.ug-lightbox .ug-lightbox-top-panel-overlay{\n    background-color: #000000 !important;\n}\n\n\n                  #gdgallery_container_35{}\n<\/style>\n\n\n\n<\/div>\n\n\n\n\n\n\n","protected":false},"excerpt":{"rendered":"<p>Proyecto &#8220;\u00c1rboles&#8220; \u00c1RBOLES es un instalaci\u00f3n textil, que fusiona la escultura y los murales textiles colectivos. El proyecto se origina a partir de una experiencia pl\u00e1stica- pedag\u00f3gica en el contexto de las escuelas primarias, traslad\u00e1ndose luego a otros espacios. El eje es la reflexi\u00f3n sobre la diversidad cultural como sin\u00f3nimo de biodiversidad y la participaci\u00f3n&#8230;<\/p>\n","protected":false},"author":1,"featured_media":689,"comment_status":"closed","ping_status":"closed","sticky":false,"template":"","format":"standard","meta":{"footnotes":""},"categories":[4,10,6,11],"tags":[19,21,26,27,28,22,25,18,24],"class_list":["post-190","post","type-post","status-publish","format-standard","has-post-thumbnail","hentry","category-arte-textil","category-instalaciones","category-libros-de-artista","category-performance","tag-arte-latinoamericano","tag-arte-textil","tag-artists-books","tag-book-art","tag-contemporary-art","tag-florencia-ramondetta","tag-latin-american-art","tag-libro-de-artista","tag-textil-art"],"yoast_head":"<!-- This site is optimized with the Yoast SEO plugin v26.8 - https:\/\/yoast.com\/product\/yoast-seo-wordpress\/ -->\n<title>Proyectos art\u00edsticos - FLORENCIA RAMONDETTA<\/title>\n<meta name=\"description\" content=\"El eje es la reflexi\u00f3n sobre la diversidad cultural como sin\u00f3nimo de biodiversidad y la participaci\u00f3n colectiva como medio de interacci\u00f3n.\" \/>\n<meta name=\"robots\" content=\"index, follow, max-snippet:-1, max-image-preview:large, max-video-preview:-1\" \/>\n<link rel=\"canonical\" href=\"https:\/\/florenciaramondetta.com.ar\/wp2\/index.php\/2019\/05\/08\/proyectos-2\/\" \/>\n<meta property=\"og:locale\" content=\"es_ES\" \/>\n<meta property=\"og:type\" content=\"article\" \/>\n<meta property=\"og:title\" content=\"Proyectos art\u00edsticos - FLORENCIA RAMONDETTA\" \/>\n<meta property=\"og:description\" content=\"El eje es la reflexi\u00f3n sobre la diversidad cultural como sin\u00f3nimo de biodiversidad y la participaci\u00f3n colectiva como medio de interacci\u00f3n.\" \/>\n<meta property=\"og:url\" content=\"https:\/\/florenciaramondetta.com.ar\/wp2\/index.php\/2019\/05\/08\/proyectos-2\/\" \/>\n<meta property=\"og:site_name\" content=\"FLORENCIA RAMONDETTA\" \/>\n<meta property=\"article:published_time\" content=\"2019-05-08T17:04:31+00:00\" \/>\n<meta property=\"article:modified_time\" content=\"2020-01-23T21:56:06+00:00\" \/>\n<meta property=\"og:image\" content=\"https:\/\/florenciaramondetta.com.ar\/wp2\/wp-content\/uploads\/2019\/05\/arboles_000-1.jpg\" \/>\n\t<meta property=\"og:image:width\" content=\"1000\" \/>\n\t<meta property=\"og:image:height\" content=\"750\" \/>\n\t<meta property=\"og:image:type\" content=\"image\/jpeg\" \/>\n<meta name=\"author\" content=\"florencia2019\" \/>\n<meta name=\"twitter:card\" content=\"summary_large_image\" \/>\n<meta name=\"twitter:label1\" content=\"Escrito por\" \/>\n\t<meta name=\"twitter:data1\" content=\"\" \/>\n\t<meta name=\"twitter:label2\" content=\"Tiempo de lectura\" \/>\n\t<meta name=\"twitter:data2\" content=\"3 minutos\" \/>\n<script type=\"application\/ld+json\" class=\"yoast-schema-graph\">{\"@context\":\"https:\/\/schema.org\",\"@graph\":[{\"@type\":\"Article\",\"@id\":\"https:\/\/florenciaramondetta.com.ar\/wp2\/index.php\/2019\/05\/08\/proyectos-2\/#article\",\"isPartOf\":{\"@id\":\"https:\/\/florenciaramondetta.com.ar\/wp2\/index.php\/2019\/05\/08\/proyectos-2\/\"},\"author\":{\"name\":\"florencia2019\",\"@id\":\"https:\/\/florenciaramondetta.com.ar\/wp2\/#\/schema\/person\/f732df55d14df9cc6ebdadf357f6910d\"},\"headline\":\"Proyectos art\u00edsticos\",\"datePublished\":\"2019-05-08T17:04:31+00:00\",\"dateModified\":\"2020-01-23T21:56:06+00:00\",\"mainEntityOfPage\":{\"@id\":\"https:\/\/florenciaramondetta.com.ar\/wp2\/index.php\/2019\/05\/08\/proyectos-2\/\"},\"wordCount\":527,\"image\":{\"@id\":\"https:\/\/florenciaramondetta.com.ar\/wp2\/index.php\/2019\/05\/08\/proyectos-2\/#primaryimage\"},\"thumbnailUrl\":\"https:\/\/florenciaramondetta.com.ar\/wp2\/wp-content\/uploads\/2019\/05\/arboles_000-1.jpg\",\"keywords\":[\"arte latinoamericano\",\"arte textil\",\"Artists' books\",\"book art\",\"contemporary art\",\"Florencia Ramondetta\",\"latin american art\",\"libro de artista\",\"textil art\"],\"articleSection\":[\"Arte textil\",\"Instalaciones\",\"Libros de artista\",\"Performance\"],\"inLanguage\":\"es-AR\"},{\"@type\":\"WebPage\",\"@id\":\"https:\/\/florenciaramondetta.com.ar\/wp2\/index.php\/2019\/05\/08\/proyectos-2\/\",\"url\":\"https:\/\/florenciaramondetta.com.ar\/wp2\/index.php\/2019\/05\/08\/proyectos-2\/\",\"name\":\"Proyectos art\u00edsticos - FLORENCIA RAMONDETTA\",\"isPartOf\":{\"@id\":\"https:\/\/florenciaramondetta.com.ar\/wp2\/#website\"},\"primaryImageOfPage\":{\"@id\":\"https:\/\/florenciaramondetta.com.ar\/wp2\/index.php\/2019\/05\/08\/proyectos-2\/#primaryimage\"},\"image\":{\"@id\":\"https:\/\/florenciaramondetta.com.ar\/wp2\/index.php\/2019\/05\/08\/proyectos-2\/#primaryimage\"},\"thumbnailUrl\":\"https:\/\/florenciaramondetta.com.ar\/wp2\/wp-content\/uploads\/2019\/05\/arboles_000-1.jpg\",\"datePublished\":\"2019-05-08T17:04:31+00:00\",\"dateModified\":\"2020-01-23T21:56:06+00:00\",\"author\":{\"@id\":\"https:\/\/florenciaramondetta.com.ar\/wp2\/#\/schema\/person\/f732df55d14df9cc6ebdadf357f6910d\"},\"description\":\"El eje es la reflexi\u00f3n sobre la diversidad cultural como sin\u00f3nimo de biodiversidad y la participaci\u00f3n colectiva como medio de interacci\u00f3n.\",\"breadcrumb\":{\"@id\":\"https:\/\/florenciaramondetta.com.ar\/wp2\/index.php\/2019\/05\/08\/proyectos-2\/#breadcrumb\"},\"inLanguage\":\"es-AR\",\"potentialAction\":[{\"@type\":\"ReadAction\",\"target\":[\"https:\/\/florenciaramondetta.com.ar\/wp2\/index.php\/2019\/05\/08\/proyectos-2\/\"]}]},{\"@type\":\"ImageObject\",\"inLanguage\":\"es-AR\",\"@id\":\"https:\/\/florenciaramondetta.com.ar\/wp2\/index.php\/2019\/05\/08\/proyectos-2\/#primaryimage\",\"url\":\"https:\/\/florenciaramondetta.com.ar\/wp2\/wp-content\/uploads\/2019\/05\/arboles_000-1.jpg\",\"contentUrl\":\"https:\/\/florenciaramondetta.com.ar\/wp2\/wp-content\/uploads\/2019\/05\/arboles_000-1.jpg\",\"width\":1000,\"height\":750},{\"@type\":\"BreadcrumbList\",\"@id\":\"https:\/\/florenciaramondetta.com.ar\/wp2\/index.php\/2019\/05\/08\/proyectos-2\/#breadcrumb\",\"itemListElement\":[{\"@type\":\"ListItem\",\"position\":1,\"name\":\"Inicio\",\"item\":\"https:\/\/florenciaramondetta.com.ar\/wp2\/\"},{\"@type\":\"ListItem\",\"position\":2,\"name\":\"Proyectos art\u00edsticos\"}]},{\"@type\":\"WebSite\",\"@id\":\"https:\/\/florenciaramondetta.com.ar\/wp2\/#website\",\"url\":\"https:\/\/florenciaramondetta.com.ar\/wp2\/\",\"name\":\"FLORENCIA RAMONDETTA\",\"description\":\"\",\"potentialAction\":[{\"@type\":\"SearchAction\",\"target\":{\"@type\":\"EntryPoint\",\"urlTemplate\":\"https:\/\/florenciaramondetta.com.ar\/wp2\/?s={search_term_string}\"},\"query-input\":{\"@type\":\"PropertyValueSpecification\",\"valueRequired\":true,\"valueName\":\"search_term_string\"}}],\"inLanguage\":\"es-AR\"},{\"@type\":\"Person\",\"@id\":\"https:\/\/florenciaramondetta.com.ar\/wp2\/#\/schema\/person\/f732df55d14df9cc6ebdadf357f6910d\",\"name\":\"florencia2019\",\"image\":{\"@type\":\"ImageObject\",\"inLanguage\":\"es-AR\",\"@id\":\"https:\/\/florenciaramondetta.com.ar\/wp2\/#\/schema\/person\/image\/\",\"url\":\"https:\/\/secure.gravatar.com\/avatar\/d0dc599a4e1b03426af871d80ac7eb2b?s=96&d=mm&r=g\",\"contentUrl\":\"https:\/\/secure.gravatar.com\/avatar\/d0dc599a4e1b03426af871d80ac7eb2b?s=96&d=mm&r=g\",\"caption\":\"florencia2019\"},\"url\":\"https:\/\/florenciaramondetta.com.ar\/wp2\/index.php\/author\/florencia2019\/\"}]}<\/script>\n<!-- \/ Yoast SEO plugin. -->","yoast_head_json":{"title":"Proyectos art\u00edsticos - FLORENCIA RAMONDETTA","description":"El eje es la reflexi\u00f3n sobre la diversidad cultural como sin\u00f3nimo de biodiversidad y la participaci\u00f3n colectiva como medio de interacci\u00f3n.","robots":{"index":"index","follow":"follow","max-snippet":"max-snippet:-1","max-image-preview":"max-image-preview:large","max-video-preview":"max-video-preview:-1"},"canonical":"https:\/\/florenciaramondetta.com.ar\/wp2\/index.php\/2019\/05\/08\/proyectos-2\/","og_locale":"es_ES","og_type":"article","og_title":"Proyectos art\u00edsticos - FLORENCIA RAMONDETTA","og_description":"El eje es la reflexi\u00f3n sobre la diversidad cultural como sin\u00f3nimo de biodiversidad y la participaci\u00f3n colectiva como medio de interacci\u00f3n.","og_url":"https:\/\/florenciaramondetta.com.ar\/wp2\/index.php\/2019\/05\/08\/proyectos-2\/","og_site_name":"FLORENCIA RAMONDETTA","article_published_time":"2019-05-08T17:04:31+00:00","article_modified_time":"2020-01-23T21:56:06+00:00","og_image":[{"width":1000,"height":750,"url":"https:\/\/florenciaramondetta.com.ar\/wp2\/wp-content\/uploads\/2019\/05\/arboles_000-1.jpg","type":"image\/jpeg"}],"author":"florencia2019","twitter_card":"summary_large_image","twitter_misc":{"Escrito por":false,"Tiempo de lectura":"3 minutos"},"schema":{"@context":"https:\/\/schema.org","@graph":[{"@type":"Article","@id":"https:\/\/florenciaramondetta.com.ar\/wp2\/index.php\/2019\/05\/08\/proyectos-2\/#article","isPartOf":{"@id":"https:\/\/florenciaramondetta.com.ar\/wp2\/index.php\/2019\/05\/08\/proyectos-2\/"},"author":{"name":"florencia2019","@id":"https:\/\/florenciaramondetta.com.ar\/wp2\/#\/schema\/person\/f732df55d14df9cc6ebdadf357f6910d"},"headline":"Proyectos art\u00edsticos","datePublished":"2019-05-08T17:04:31+00:00","dateModified":"2020-01-23T21:56:06+00:00","mainEntityOfPage":{"@id":"https:\/\/florenciaramondetta.com.ar\/wp2\/index.php\/2019\/05\/08\/proyectos-2\/"},"wordCount":527,"image":{"@id":"https:\/\/florenciaramondetta.com.ar\/wp2\/index.php\/2019\/05\/08\/proyectos-2\/#primaryimage"},"thumbnailUrl":"https:\/\/florenciaramondetta.com.ar\/wp2\/wp-content\/uploads\/2019\/05\/arboles_000-1.jpg","keywords":["arte latinoamericano","arte textil","Artists' books","book art","contemporary art","Florencia Ramondetta","latin american art","libro de artista","textil art"],"articleSection":["Arte textil","Instalaciones","Libros de artista","Performance"],"inLanguage":"es-AR"},{"@type":"WebPage","@id":"https:\/\/florenciaramondetta.com.ar\/wp2\/index.php\/2019\/05\/08\/proyectos-2\/","url":"https:\/\/florenciaramondetta.com.ar\/wp2\/index.php\/2019\/05\/08\/proyectos-2\/","name":"Proyectos art\u00edsticos - FLORENCIA RAMONDETTA","isPartOf":{"@id":"https:\/\/florenciaramondetta.com.ar\/wp2\/#website"},"primaryImageOfPage":{"@id":"https:\/\/florenciaramondetta.com.ar\/wp2\/index.php\/2019\/05\/08\/proyectos-2\/#primaryimage"},"image":{"@id":"https:\/\/florenciaramondetta.com.ar\/wp2\/index.php\/2019\/05\/08\/proyectos-2\/#primaryimage"},"thumbnailUrl":"https:\/\/florenciaramondetta.com.ar\/wp2\/wp-content\/uploads\/2019\/05\/arboles_000-1.jpg","datePublished":"2019-05-08T17:04:31+00:00","dateModified":"2020-01-23T21:56:06+00:00","author":{"@id":"https:\/\/florenciaramondetta.com.ar\/wp2\/#\/schema\/person\/f732df55d14df9cc6ebdadf357f6910d"},"description":"El eje es la reflexi\u00f3n sobre la diversidad cultural como sin\u00f3nimo de biodiversidad y la participaci\u00f3n colectiva como medio de interacci\u00f3n.","breadcrumb":{"@id":"https:\/\/florenciaramondetta.com.ar\/wp2\/index.php\/2019\/05\/08\/proyectos-2\/#breadcrumb"},"inLanguage":"es-AR","potentialAction":[{"@type":"ReadAction","target":["https:\/\/florenciaramondetta.com.ar\/wp2\/index.php\/2019\/05\/08\/proyectos-2\/"]}]},{"@type":"ImageObject","inLanguage":"es-AR","@id":"https:\/\/florenciaramondetta.com.ar\/wp2\/index.php\/2019\/05\/08\/proyectos-2\/#primaryimage","url":"https:\/\/florenciaramondetta.com.ar\/wp2\/wp-content\/uploads\/2019\/05\/arboles_000-1.jpg","contentUrl":"https:\/\/florenciaramondetta.com.ar\/wp2\/wp-content\/uploads\/2019\/05\/arboles_000-1.jpg","width":1000,"height":750},{"@type":"BreadcrumbList","@id":"https:\/\/florenciaramondetta.com.ar\/wp2\/index.php\/2019\/05\/08\/proyectos-2\/#breadcrumb","itemListElement":[{"@type":"ListItem","position":1,"name":"Inicio","item":"https:\/\/florenciaramondetta.com.ar\/wp2\/"},{"@type":"ListItem","position":2,"name":"Proyectos art\u00edsticos"}]},{"@type":"WebSite","@id":"https:\/\/florenciaramondetta.com.ar\/wp2\/#website","url":"https:\/\/florenciaramondetta.com.ar\/wp2\/","name":"FLORENCIA RAMONDETTA","description":"","potentialAction":[{"@type":"SearchAction","target":{"@type":"EntryPoint","urlTemplate":"https:\/\/florenciaramondetta.com.ar\/wp2\/?s={search_term_string}"},"query-input":{"@type":"PropertyValueSpecification","valueRequired":true,"valueName":"search_term_string"}}],"inLanguage":"es-AR"},{"@type":"Person","@id":"https:\/\/florenciaramondetta.com.ar\/wp2\/#\/schema\/person\/f732df55d14df9cc6ebdadf357f6910d","name":"florencia2019","image":{"@type":"ImageObject","inLanguage":"es-AR","@id":"https:\/\/florenciaramondetta.com.ar\/wp2\/#\/schema\/person\/image\/","url":"https:\/\/secure.gravatar.com\/avatar\/d0dc599a4e1b03426af871d80ac7eb2b?s=96&d=mm&r=g","contentUrl":"https:\/\/secure.gravatar.com\/avatar\/d0dc599a4e1b03426af871d80ac7eb2b?s=96&d=mm&r=g","caption":"florencia2019"},"url":"https:\/\/florenciaramondetta.com.ar\/wp2\/index.php\/author\/florencia2019\/"}]}},"_links":{"self":[{"href":"https:\/\/florenciaramondetta.com.ar\/wp2\/index.php\/wp-json\/wp\/v2\/posts\/190","targetHints":{"allow":["GET"]}}],"collection":[{"href":"https:\/\/florenciaramondetta.com.ar\/wp2\/index.php\/wp-json\/wp\/v2\/posts"}],"about":[{"href":"https:\/\/florenciaramondetta.com.ar\/wp2\/index.php\/wp-json\/wp\/v2\/types\/post"}],"author":[{"embeddable":true,"href":"https:\/\/florenciaramondetta.com.ar\/wp2\/index.php\/wp-json\/wp\/v2\/users\/1"}],"replies":[{"embeddable":true,"href":"https:\/\/florenciaramondetta.com.ar\/wp2\/index.php\/wp-json\/wp\/v2\/comments?post=190"}],"version-history":[{"count":6,"href":"https:\/\/florenciaramondetta.com.ar\/wp2\/index.php\/wp-json\/wp\/v2\/posts\/190\/revisions"}],"predecessor-version":[{"id":1141,"href":"https:\/\/florenciaramondetta.com.ar\/wp2\/index.php\/wp-json\/wp\/v2\/posts\/190\/revisions\/1141"}],"wp:featuredmedia":[{"embeddable":true,"href":"https:\/\/florenciaramondetta.com.ar\/wp2\/index.php\/wp-json\/wp\/v2\/media\/689"}],"wp:attachment":[{"href":"https:\/\/florenciaramondetta.com.ar\/wp2\/index.php\/wp-json\/wp\/v2\/media?parent=190"}],"wp:term":[{"taxonomy":"category","embeddable":true,"href":"https:\/\/florenciaramondetta.com.ar\/wp2\/index.php\/wp-json\/wp\/v2\/categories?post=190"},{"taxonomy":"post_tag","embeddable":true,"href":"https:\/\/florenciaramondetta.com.ar\/wp2\/index.php\/wp-json\/wp\/v2\/tags?post=190"}],"curies":[{"name":"wp","href":"https:\/\/api.w.org\/{rel}","templated":true}]}}